{"id":77339,"date":"2025-05-29T06:38:08","date_gmt":"2025-05-29T06:38:08","guid":{"rendered":"https:\/\/rimsa.com\/rimsa-obtiene-el-sello-calculo-y-reduzco-del-ministerio-para-la-transicion-ecologica-y-el-reto-demografico"},"modified":"2025-05-29T06:42:32","modified_gmt":"2025-05-29T06:42:32","slug":"rimsa-obtiene-el-sello-calculo-y-reduzco-del-ministerio-para-la-transicion-ecologica-y-el-reto-demografico","status":"publish","type":"post","link":"https:\/\/rimsa.com\/es\/rimsa-obtiene-el-sello-calculo-y-reduzco-del-ministerio-para-la-transicion-ecologica-y-el-reto-demografico","title":{"rendered":"RIMSA obtiene el sello \u00abCalculo y Reduzco\u00bb del Ministerio para la Transici\u00f3n Ecol\u00f3gica y el Reto Demogr\u00e1fico"},"content":{"rendered":"\n<p>En RIMSA, nuestro compromiso con la sostenibilidad y la responsabilidad ambiental es un pilar fundamental de nuestra filosof\u00eda. Por ello nos complace enormemente anunciar que hemos obtenido el <strong><a href=\"https:\/\/rimsa.com\/wp-content\/uploads\/2025\/05\/report_2024-a0605-CERTIFICADO-INSCRIPCION_2022_CR.pdf\">sello \u00abCalculo y Reduzco\u00bb<\/a><\/strong> para el a\u00f1o 2022, otorgado por el Ministerio para la Transici\u00f3n Ecol\u00f3gica y el Reto Demogr\u00e1fico. <\/p>\n\n<p>Este distintivo reconoce nuestro esfuerzo en la medici\u00f3n, registro y, lo que es m\u00e1s importante, la<strong> reducci\u00f3n efectiva de nuestra huella de carbono<\/strong>. La obtenci\u00f3n de este sello es el resultado de un riguroso proceso de c\u00e1lculo y verificaci\u00f3n de nuestras emisiones de CO2. <\/p>\n\n<p><strong>\u00bfQu\u00e9 significa el sello \u00abCalculo y Reduzco\u00bb para RIMSA?<\/strong><\/p>\n\n<p>El sello se compone de dos elementos clave:<\/p>\n\n<ul class=\"wp-block-list\">\n<li><strong>\u00abCalculo\u00bb:<\/strong> Confirmamos la medici\u00f3n y registro de nuestra huella de carbono para el a\u00f1o 2022, abarcando los alcances 1 y 2. Esto incluye las actividades de fabricaci\u00f3n de fibras, lanas y virutas de metales f\u00e9rricos y no f\u00e9rricos desarrolladas en nuestra \u00fanica sede en Sant Feliu de Llobregat (Barcelona). <\/li>\n\n\n\n<li><strong>\u00abReduzco\u00bb:<\/strong> Hemos demostrado una reducci\u00f3n significativa de nuestras emisiones. Concretamente, hemos logrado una <strong>reducci\u00f3n del 8,33%<\/strong> en la intensidad de emisi\u00f3n en el trienio 2020-2022 respecto al trienio 2019-2021, para los alcances 1+2. Este logro refleja la eficacia de las medidas implementadas para optimizar nuestros procesos y minimizar nuestro impacto ambiental.  <\/li>\n<\/ul>\n\n<p>En RIMSA, estamos convencidos de que un futuro sostenible se construye d\u00eda a d\u00eda, a trav\u00e9s de acciones concretas y un compromiso firme. Este sello es un paso m\u00e1s en nuestro camino hacia la excelencia operacional y ambiental, reforzando nuestra posici\u00f3n como l\u00edderes innovadores en fricci\u00f3n, fibras de refuerzo y materiales para la energ\u00eda. <\/p>\n\n<p>Seguiremos trabajando con la misma dedicaci\u00f3n para continuar reduciendo nuestra huella de carbono y contribuyendo a un planeta m\u00e1s limpio y saludable.<\/p>\n\n<p>\u00abEste reconocimiento es un reflejo del esfuerzo colectivo de todo el equipo de RIMSA y de nuestra firme convicci\u00f3n en la importancia de la sostenibilidad. Continuaremos innovando para minimizar nuestro impacto ambiental y ofrecer soluciones de vanguardia.\u00bb &#8211; Vanesa Trenas, Responsable de Calidad y Medio Ambiente<\/p>\n\n<blockquote class=\"wp-block-quote is-layout-flow wp-block-quote-is-layout-flow\">\n<p><\/p>\n\n\n\n<p><\/p>\n<\/blockquote>\n","protected":false},"excerpt":{"rendered":"<p>En RIMSA, nuestro compromiso con la sostenibilidad y la responsabilidad ambiental es un pilar fundamental de nuestra filosof\u00eda. Por ello nos complace enormemente anunciar que hemos obtenido el sello \u00abCalculo y Reduzco\u00bb para el a\u00f1o 2022, otorgado por el Ministerio para la Transici\u00f3n Ecol\u00f3gica y el Reto Demogr\u00e1fico. Este distintivo reconoce nuestro esfuerzo en la [&hellip;]<\/p>\n","protected":false},"author":1,"featured_media":77336,"comment_status":"open","ping_status":"open","sticky":false,"template":"","format":"standard","meta":{"footnotes":""},"categories":[1],"tags":[],"tema":[494,877,601],"tipologia":[37],"aplicacion":[],"linea-de-productos":[],"class_list":["post-77339","post","type-post","status-publish","format-standard","has-post-thumbnail","hentry","category-sin-categorizar","tema-construccion","tema-fibras","tema-general","tipologia-noticias"],"yoast_head":"<!-- This site is optimized with the Yoast SEO plugin v26.6 - https:\/\/yoast.com\/wordpress\/plugins\/seo\/ -->\n<title>RIMSA obtiene el sello &quot;Calculo y Reduzco&quot; del Ministerio para la Transici\u00f3n Ecol\u00f3gica y el Reto Demogr\u00e1fico - Rimsa<\/title>\n<meta name=\"robots\" content=\"index, follow, max-snippet:-1, max-image-preview:large, max-video-preview:-1\" \/>\n<link rel=\"canonical\" href=\"https:\/\/rimsa.com\/es\/rimsa-obtiene-el-sello-calculo-y-reduzco-del-ministerio-para-la-transicion-ecologica-y-el-reto-demografico\" \/>\n<meta property=\"og:locale\" content=\"es_ES\" \/>\n<meta property=\"og:type\" content=\"article\" \/>\n<meta property=\"og:title\" content=\"RIMSA obtiene el sello &quot;Calculo y Reduzco&quot; del Ministerio para la Transici\u00f3n Ecol\u00f3gica y el Reto Demogr\u00e1fico - Rimsa\" \/>\n<meta property=\"og:description\" content=\"En RIMSA, nuestro compromiso con la sostenibilidad y la responsabilidad ambiental es un pilar fundamental de nuestra filosof\u00eda. Por ello nos complace enormemente anunciar que hemos obtenido el sello \u00abCalculo y Reduzco\u00bb para el a\u00f1o 2022, otorgado por el Ministerio para la Transici\u00f3n Ecol\u00f3gica y el Reto Demogr\u00e1fico. Este distintivo reconoce nuestro esfuerzo en la [&hellip;]\" \/>\n<meta property=\"og:url\" content=\"https:\/\/rimsa.com\/es\/rimsa-obtiene-el-sello-calculo-y-reduzco-del-ministerio-para-la-transicion-ecologica-y-el-reto-demografico\" \/>\n<meta property=\"og:site_name\" content=\"Rimsa\" \/>\n<meta property=\"article:published_time\" content=\"2025-05-29T06:38:08+00:00\" \/>\n<meta property=\"article:modified_time\" content=\"2025-05-29T06:42:32+00:00\" \/>\n<meta property=\"og:image\" content=\"https:\/\/rimsa.com\/wp-content\/uploads\/2025\/05\/sello-rimsa-sostenibilidad.jpg\" \/>\n\t<meta property=\"og:image:width\" content=\"1226\" \/>\n\t<meta property=\"og:image:height\" content=\"612\" \/>\n\t<meta property=\"og:image:type\" content=\"image\/jpeg\" \/>\n<meta name=\"author\" content=\"Toni Lopez Buxo\" \/>\n<meta name=\"twitter:card\" content=\"summary_large_image\" \/>\n<meta name=\"twitter:label1\" content=\"Escrito por\" \/>\n\t<meta name=\"twitter:data1\" content=\"Toni Lopez Buxo\" \/>\n\t<meta name=\"twitter:label2\" content=\"Tiempo de lectura\" \/>\n\t<meta name=\"twitter:data2\" content=\"2 minutos\" \/>\n<script type=\"application\/ld+json\" class=\"yoast-schema-graph\">{\"@context\":\"https:\/\/schema.org\",\"@graph\":[{\"@type\":\"Article\",\"@id\":\"https:\/\/rimsa.com\/es\/rimsa-obtiene-el-sello-calculo-y-reduzco-del-ministerio-para-la-transicion-ecologica-y-el-reto-demografico#article\",\"isPartOf\":{\"@id\":\"https:\/\/rimsa.com\/es\/rimsa-obtiene-el-sello-calculo-y-reduzco-del-ministerio-para-la-transicion-ecologica-y-el-reto-demografico\"},\"author\":{\"name\":\"Toni Lopez Buxo\",\"@id\":\"https:\/\/rimsa.com\/#\/schema\/person\/c2e623a4569002be23b63fa14b124a6d\"},\"headline\":\"RIMSA obtiene el sello \u00abCalculo y Reduzco\u00bb del Ministerio para la Transici\u00f3n Ecol\u00f3gica y el Reto Demogr\u00e1fico\",\"datePublished\":\"2025-05-29T06:38:08+00:00\",\"dateModified\":\"2025-05-29T06:42:32+00:00\",\"mainEntityOfPage\":{\"@id\":\"https:\/\/rimsa.com\/es\/rimsa-obtiene-el-sello-calculo-y-reduzco-del-ministerio-para-la-transicion-ecologica-y-el-reto-demografico\"},\"wordCount\":375,\"commentCount\":0,\"publisher\":{\"@id\":\"https:\/\/rimsa.com\/#organization\"},\"image\":{\"@id\":\"https:\/\/rimsa.com\/es\/rimsa-obtiene-el-sello-calculo-y-reduzco-del-ministerio-para-la-transicion-ecologica-y-el-reto-demografico#primaryimage\"},\"thumbnailUrl\":\"https:\/\/rimsa.com\/wp-content\/uploads\/2025\/05\/sello-rimsa-sostenibilidad.jpg\",\"articleSection\":[\"Sin categorizar\"],\"inLanguage\":\"es\",\"potentialAction\":[{\"@type\":\"CommentAction\",\"name\":\"Comment\",\"target\":[\"https:\/\/rimsa.com\/es\/rimsa-obtiene-el-sello-calculo-y-reduzco-del-ministerio-para-la-transicion-ecologica-y-el-reto-demografico#respond\"]}]},{\"@type\":\"WebPage\",\"@id\":\"https:\/\/rimsa.com\/es\/rimsa-obtiene-el-sello-calculo-y-reduzco-del-ministerio-para-la-transicion-ecologica-y-el-reto-demografico\",\"url\":\"https:\/\/rimsa.com\/es\/rimsa-obtiene-el-sello-calculo-y-reduzco-del-ministerio-para-la-transicion-ecologica-y-el-reto-demografico\",\"name\":\"RIMSA obtiene el sello \\\"Calculo y Reduzco\\\" del Ministerio para la Transici\u00f3n Ecol\u00f3gica y el Reto Demogr\u00e1fico - Rimsa\",\"isPartOf\":{\"@id\":\"https:\/\/rimsa.com\/#website\"},\"primaryImageOfPage\":{\"@id\":\"https:\/\/rimsa.com\/es\/rimsa-obtiene-el-sello-calculo-y-reduzco-del-ministerio-para-la-transicion-ecologica-y-el-reto-demografico#primaryimage\"},\"image\":{\"@id\":\"https:\/\/rimsa.com\/es\/rimsa-obtiene-el-sello-calculo-y-reduzco-del-ministerio-para-la-transicion-ecologica-y-el-reto-demografico#primaryimage\"},\"thumbnailUrl\":\"https:\/\/rimsa.com\/wp-content\/uploads\/2025\/05\/sello-rimsa-sostenibilidad.jpg\",\"datePublished\":\"2025-05-29T06:38:08+00:00\",\"dateModified\":\"2025-05-29T06:42:32+00:00\",\"breadcrumb\":{\"@id\":\"https:\/\/rimsa.com\/es\/rimsa-obtiene-el-sello-calculo-y-reduzco-del-ministerio-para-la-transicion-ecologica-y-el-reto-demografico#breadcrumb\"},\"inLanguage\":\"es\",\"potentialAction\":[{\"@type\":\"ReadAction\",\"target\":[\"https:\/\/rimsa.com\/es\/rimsa-obtiene-el-sello-calculo-y-reduzco-del-ministerio-para-la-transicion-ecologica-y-el-reto-demografico\"]}]},{\"@type\":\"ImageObject\",\"inLanguage\":\"es\",\"@id\":\"https:\/\/rimsa.com\/es\/rimsa-obtiene-el-sello-calculo-y-reduzco-del-ministerio-para-la-transicion-ecologica-y-el-reto-demografico#primaryimage\",\"url\":\"https:\/\/rimsa.com\/wp-content\/uploads\/2025\/05\/sello-rimsa-sostenibilidad.jpg\",\"contentUrl\":\"https:\/\/rimsa.com\/wp-content\/uploads\/2025\/05\/sello-rimsa-sostenibilidad.jpg\",\"width\":1226,\"height\":612,\"caption\":\"Protect the world and preserve nature and sustainable environment, glass globe and trees growing on green grass and natural light.\"},{\"@type\":\"BreadcrumbList\",\"@id\":\"https:\/\/rimsa.com\/es\/rimsa-obtiene-el-sello-calculo-y-reduzco-del-ministerio-para-la-transicion-ecologica-y-el-reto-demografico#breadcrumb\",\"itemListElement\":[{\"@type\":\"ListItem\",\"position\":1,\"name\":\"Home\",\"item\":\"https:\/\/rimsa.com\/\"},{\"@type\":\"ListItem\",\"position\":2,\"name\":\"RIMSA obtiene el sello &#8220;Calculo y Reduzco&#8221; del Ministerio para la Transici\u00f3n Ecol\u00f3gica y el Reto Demogr\u00e1fico\"}]},{\"@type\":\"WebSite\",\"@id\":\"https:\/\/rimsa.com\/#website\",\"url\":\"https:\/\/rimsa.com\/\",\"name\":\"Rimsa\",\"description\":\"\",\"publisher\":{\"@id\":\"https:\/\/rimsa.com\/#organization\"},\"potentialAction\":[{\"@type\":\"SearchAction\",\"target\":{\"@type\":\"EntryPoint\",\"urlTemplate\":\"https:\/\/rimsa.com\/?s={search_term_string}\"},\"query-input\":{\"@type\":\"PropertyValueSpecification\",\"valueRequired\":true,\"valueName\":\"search_term_string\"}}],\"inLanguage\":\"es\"},{\"@type\":\"Organization\",\"@id\":\"https:\/\/rimsa.com\/#organization\",\"name\":\"Rimsa\",\"url\":\"https:\/\/rimsa.com\/\",\"logo\":{\"@type\":\"ImageObject\",\"inLanguage\":\"es\",\"@id\":\"https:\/\/rimsa.com\/#\/schema\/logo\/image\/\",\"url\":\"https:\/\/rimsa.com\/wp-content\/uploads\/2023\/11\/logo.svg\",\"contentUrl\":\"https:\/\/rimsa.com\/wp-content\/uploads\/2023\/11\/logo.svg\",\"width\":161,\"height\":65,\"caption\":\"Rimsa\"},\"image\":{\"@id\":\"https:\/\/rimsa.com\/#\/schema\/logo\/image\/\"}},{\"@type\":\"Person\",\"@id\":\"https:\/\/rimsa.com\/#\/schema\/person\/c2e623a4569002be23b63fa14b124a6d\",\"name\":\"Toni Lopez Buxo\",\"image\":{\"@type\":\"ImageObject\",\"inLanguage\":\"es\",\"@id\":\"https:\/\/rimsa.com\/#\/schema\/person\/image\/\",\"url\":\"https:\/\/secure.gravatar.com\/avatar\/93107b4a0f4e0facb9d415035200818c42209f6308b49223fe0135b817a9b276?s=96&d=mm&r=g\",\"contentUrl\":\"https:\/\/secure.gravatar.com\/avatar\/93107b4a0f4e0facb9d415035200818c42209f6308b49223fe0135b817a9b276?s=96&d=mm&r=g\",\"caption\":\"Toni Lopez Buxo\"},\"sameAs\":[\"https:\/\/rimsa1.c.wetopi.com\"],\"url\":\"https:\/\/rimsa.com\/es\/author\/toni-lopez-buxo\"}]}<\/script>\n<!-- \/ Yoast SEO plugin. -->","yoast_head_json":{"title":"RIMSA obtiene el sello \"Calculo y Reduzco\" del Ministerio para la Transici\u00f3n Ecol\u00f3gica y el Reto Demogr\u00e1fico - Rimsa","robots":{"index":"index","follow":"follow","max-snippet":"max-snippet:-1","max-image-preview":"max-image-preview:large","max-video-preview":"max-video-preview:-1"},"canonical":"https:\/\/rimsa.com\/es\/rimsa-obtiene-el-sello-calculo-y-reduzco-del-ministerio-para-la-transicion-ecologica-y-el-reto-demografico","og_locale":"es_ES","og_type":"article","og_title":"RIMSA obtiene el sello \"Calculo y Reduzco\" del Ministerio para la Transici\u00f3n Ecol\u00f3gica y el Reto Demogr\u00e1fico - Rimsa","og_description":"En RIMSA, nuestro compromiso con la sostenibilidad y la responsabilidad ambiental es un pilar fundamental de nuestra filosof\u00eda. Por ello nos complace enormemente anunciar que hemos obtenido el sello \u00abCalculo y Reduzco\u00bb para el a\u00f1o 2022, otorgado por el Ministerio para la Transici\u00f3n Ecol\u00f3gica y el Reto Demogr\u00e1fico. Este distintivo reconoce nuestro esfuerzo en la [&hellip;]","og_url":"https:\/\/rimsa.com\/es\/rimsa-obtiene-el-sello-calculo-y-reduzco-del-ministerio-para-la-transicion-ecologica-y-el-reto-demografico","og_site_name":"Rimsa","article_published_time":"2025-05-29T06:38:08+00:00","article_modified_time":"2025-05-29T06:42:32+00:00","og_image":[{"width":1226,"height":612,"url":"https:\/\/rimsa.com\/wp-content\/uploads\/2025\/05\/sello-rimsa-sostenibilidad.jpg","type":"image\/jpeg"}],"author":"Toni Lopez Buxo","twitter_card":"summary_large_image","twitter_misc":{"Escrito por":"Toni Lopez Buxo","Tiempo de lectura":"2 minutos"},"schema":{"@context":"https:\/\/schema.org","@graph":[{"@type":"Article","@id":"https:\/\/rimsa.com\/es\/rimsa-obtiene-el-sello-calculo-y-reduzco-del-ministerio-para-la-transicion-ecologica-y-el-reto-demografico#article","isPartOf":{"@id":"https:\/\/rimsa.com\/es\/rimsa-obtiene-el-sello-calculo-y-reduzco-del-ministerio-para-la-transicion-ecologica-y-el-reto-demografico"},"author":{"name":"Toni Lopez Buxo","@id":"https:\/\/rimsa.com\/#\/schema\/person\/c2e623a4569002be23b63fa14b124a6d"},"headline":"RIMSA obtiene el sello \u00abCalculo y Reduzco\u00bb del Ministerio para la Transici\u00f3n Ecol\u00f3gica y el Reto Demogr\u00e1fico","datePublished":"2025-05-29T06:38:08+00:00","dateModified":"2025-05-29T06:42:32+00:00","mainEntityOfPage":{"@id":"https:\/\/rimsa.com\/es\/rimsa-obtiene-el-sello-calculo-y-reduzco-del-ministerio-para-la-transicion-ecologica-y-el-reto-demografico"},"wordCount":375,"commentCount":0,"publisher":{"@id":"https:\/\/rimsa.com\/#organization"},"image":{"@id":"https:\/\/rimsa.com\/es\/rimsa-obtiene-el-sello-calculo-y-reduzco-del-ministerio-para-la-transicion-ecologica-y-el-reto-demografico#primaryimage"},"thumbnailUrl":"https:\/\/rimsa.com\/wp-content\/uploads\/2025\/05\/sello-rimsa-sostenibilidad.jpg","articleSection":["Sin categorizar"],"inLanguage":"es","potentialAction":[{"@type":"CommentAction","name":"Comment","target":["https:\/\/rimsa.com\/es\/rimsa-obtiene-el-sello-calculo-y-reduzco-del-ministerio-para-la-transicion-ecologica-y-el-reto-demografico#respond"]}]},{"@type":"WebPage","@id":"https:\/\/rimsa.com\/es\/rimsa-obtiene-el-sello-calculo-y-reduzco-del-ministerio-para-la-transicion-ecologica-y-el-reto-demografico","url":"https:\/\/rimsa.com\/es\/rimsa-obtiene-el-sello-calculo-y-reduzco-del-ministerio-para-la-transicion-ecologica-y-el-reto-demografico","name":"RIMSA obtiene el sello \"Calculo y Reduzco\" del Ministerio para la Transici\u00f3n Ecol\u00f3gica y el Reto Demogr\u00e1fico - Rimsa","isPartOf":{"@id":"https:\/\/rimsa.com\/#website"},"primaryImageOfPage":{"@id":"https:\/\/rimsa.com\/es\/rimsa-obtiene-el-sello-calculo-y-reduzco-del-ministerio-para-la-transicion-ecologica-y-el-reto-demografico#primaryimage"},"image":{"@id":"https:\/\/rimsa.com\/es\/rimsa-obtiene-el-sello-calculo-y-reduzco-del-ministerio-para-la-transicion-ecologica-y-el-reto-demografico#primaryimage"},"thumbnailUrl":"https:\/\/rimsa.com\/wp-content\/uploads\/2025\/05\/sello-rimsa-sostenibilidad.jpg","datePublished":"2025-05-29T06:38:08+00:00","dateModified":"2025-05-29T06:42:32+00:00","breadcrumb":{"@id":"https:\/\/rimsa.com\/es\/rimsa-obtiene-el-sello-calculo-y-reduzco-del-ministerio-para-la-transicion-ecologica-y-el-reto-demografico#breadcrumb"},"inLanguage":"es","potentialAction":[{"@type":"ReadAction","target":["https:\/\/rimsa.com\/es\/rimsa-obtiene-el-sello-calculo-y-reduzco-del-ministerio-para-la-transicion-ecologica-y-el-reto-demografico"]}]},{"@type":"ImageObject","inLanguage":"es","@id":"https:\/\/rimsa.com\/es\/rimsa-obtiene-el-sello-calculo-y-reduzco-del-ministerio-para-la-transicion-ecologica-y-el-reto-demografico#primaryimage","url":"https:\/\/rimsa.com\/wp-content\/uploads\/2025\/05\/sello-rimsa-sostenibilidad.jpg","contentUrl":"https:\/\/rimsa.com\/wp-content\/uploads\/2025\/05\/sello-rimsa-sostenibilidad.jpg","width":1226,"height":612,"caption":"Protect the world and preserve nature and sustainable environment, glass globe and trees growing on green grass and natural light."},{"@type":"BreadcrumbList","@id":"https:\/\/rimsa.com\/es\/rimsa-obtiene-el-sello-calculo-y-reduzco-del-ministerio-para-la-transicion-ecologica-y-el-reto-demografico#breadcrumb","itemListElement":[{"@type":"ListItem","position":1,"name":"Home","item":"https:\/\/rimsa.com\/"},{"@type":"ListItem","position":2,"name":"RIMSA obtiene el sello &#8220;Calculo y Reduzco&#8221; del Ministerio para la Transici\u00f3n Ecol\u00f3gica y el Reto Demogr\u00e1fico"}]},{"@type":"WebSite","@id":"https:\/\/rimsa.com\/#website","url":"https:\/\/rimsa.com\/","name":"Rimsa","description":"","publisher":{"@id":"https:\/\/rimsa.com\/#organization"},"potentialAction":[{"@type":"SearchAction","target":{"@type":"EntryPoint","urlTemplate":"https:\/\/rimsa.com\/?s={search_term_string}"},"query-input":{"@type":"PropertyValueSpecification","valueRequired":true,"valueName":"search_term_string"}}],"inLanguage":"es"},{"@type":"Organization","@id":"https:\/\/rimsa.com\/#organization","name":"Rimsa","url":"https:\/\/rimsa.com\/","logo":{"@type":"ImageObject","inLanguage":"es","@id":"https:\/\/rimsa.com\/#\/schema\/logo\/image\/","url":"https:\/\/rimsa.com\/wp-content\/uploads\/2023\/11\/logo.svg","contentUrl":"https:\/\/rimsa.com\/wp-content\/uploads\/2023\/11\/logo.svg","width":161,"height":65,"caption":"Rimsa"},"image":{"@id":"https:\/\/rimsa.com\/#\/schema\/logo\/image\/"}},{"@type":"Person","@id":"https:\/\/rimsa.com\/#\/schema\/person\/c2e623a4569002be23b63fa14b124a6d","name":"Toni Lopez Buxo","image":{"@type":"ImageObject","inLanguage":"es","@id":"https:\/\/rimsa.com\/#\/schema\/person\/image\/","url":"https:\/\/secure.gravatar.com\/avatar\/93107b4a0f4e0facb9d415035200818c42209f6308b49223fe0135b817a9b276?s=96&d=mm&r=g","contentUrl":"https:\/\/secure.gravatar.com\/avatar\/93107b4a0f4e0facb9d415035200818c42209f6308b49223fe0135b817a9b276?s=96&d=mm&r=g","caption":"Toni Lopez Buxo"},"sameAs":["https:\/\/rimsa1.c.wetopi.com"],"url":"https:\/\/rimsa.com\/es\/author\/toni-lopez-buxo"}]}},"_links":{"self":[{"href":"https:\/\/rimsa.com\/es\/wp-json\/wp\/v2\/posts\/77339","targetHints":{"allow":["GET"]}}],"collection":[{"href":"https:\/\/rimsa.com\/es\/wp-json\/wp\/v2\/posts"}],"about":[{"href":"https:\/\/rimsa.com\/es\/wp-json\/wp\/v2\/types\/post"}],"author":[{"embeddable":true,"href":"https:\/\/rimsa.com\/es\/wp-json\/wp\/v2\/users\/1"}],"replies":[{"embeddable":true,"href":"https:\/\/rimsa.com\/es\/wp-json\/wp\/v2\/comments?post=77339"}],"version-history":[{"count":2,"href":"https:\/\/rimsa.com\/es\/wp-json\/wp\/v2\/posts\/77339\/revisions"}],"predecessor-version":[{"id":77343,"href":"https:\/\/rimsa.com\/es\/wp-json\/wp\/v2\/posts\/77339\/revisions\/77343"}],"wp:featuredmedia":[{"embeddable":true,"href":"https:\/\/rimsa.com\/es\/wp-json\/wp\/v2\/media\/77336"}],"wp:attachment":[{"href":"https:\/\/rimsa.com\/es\/wp-json\/wp\/v2\/media?parent=77339"}],"wp:term":[{"taxonomy":"category","embeddable":true,"href":"https:\/\/rimsa.com\/es\/wp-json\/wp\/v2\/categories?post=77339"},{"taxonomy":"post_tag","embeddable":true,"href":"https:\/\/rimsa.com\/es\/wp-json\/wp\/v2\/tags?post=77339"},{"taxonomy":"tema","embeddable":true,"href":"https:\/\/rimsa.com\/es\/wp-json\/wp\/v2\/tema?post=77339"},{"taxonomy":"tipologia","embeddable":true,"href":"https:\/\/rimsa.com\/es\/wp-json\/wp\/v2\/tipologia?post=77339"},{"taxonomy":"aplicacion","embeddable":true,"href":"https:\/\/rimsa.com\/es\/wp-json\/wp\/v2\/aplicacion?post=77339"},{"taxonomy":"linea-de-productos","embeddable":true,"href":"https:\/\/rimsa.com\/es\/wp-json\/wp\/v2\/linea-de-productos?post=77339"}],"curies":[{"name":"wp","href":"https:\/\/api.w.org\/{rel}","templated":true}]}}